{"id":3076,"date":"2023-10-13T13:45:23","date_gmt":"2023-10-13T13:45:23","guid":{"rendered":"https:\/\/www.cla.udl.cat\/sin-categorizar\/iris-sola\/"},"modified":"2024-10-29T11:59:26","modified_gmt":"2024-10-29T11:59:26","slug":"iris-sola","status":"publish","type":"post","link":"https:\/\/www.cla.udl.cat\/es\/sin-categorizar\/iris-sola\/","title":{"rendered":"Iris Sol\u00e0"},"content":{"rendered":"\t\t<div data-elementor-type=\"wp-post\" data-elementor-id=\"3076\" class=\"elementor elementor-3076 elementor-2819\" data-elementor-post-type=\"post\">\n\t\t\t\t\t\t<section class=\"elementor-section elementor-top-section elementor-element elementor-element-312c6a88 elementor-section-boxed elementor-section-height-default elementor-section-height-default\" data-id=\"312c6a88\" data-element_type=\"section\" data-e-type=\"section\">\n\t\t\t\t\t\t<div class=\"elementor-container elementor-column-gap-default\">\n\t\t\t\t\t<div class=\"elementor-column elementor-col-50 elementor-top-column elementor-element elementor-element-723cb9eb\" data-id=\"723cb9eb\" data-element_type=\"column\" data-e-type=\"column\">\n\t\t\t<div class=\"elementor-widget-wrap elementor-element-populated\">\n\t\t\t\t\t\t<div class=\"elementor-element elementor-element-1229009e elementor-widget elementor-widget-image\" data-id=\"1229009e\" data-element_type=\"widget\" data-e-type=\"widget\" data-widget_type=\"image.default\">\n\t\t\t\t<div class=\"elementor-widget-container\">\n\t\t\t\t\t\t\t\t\t\t\t\t\t\t\t<img fetchpriority=\"high\" decoding=\"async\" width=\"224\" height=\"300\" src=\"https:\/\/www.cla.udl.cat\/wp-content\/uploads\/2023\/10\/WhatsApp-Image-2023-10-09-at-16.04.39-224x300.jpeg\" class=\"attachment-medium size-medium wp-image-3204\" alt=\"\" srcset=\"https:\/\/www.cla.udl.cat\/wp-content\/uploads\/2023\/10\/WhatsApp-Image-2023-10-09-at-16.04.39-224x300.jpeg 224w, https:\/\/www.cla.udl.cat\/wp-content\/uploads\/2023\/10\/WhatsApp-Image-2023-10-09-at-16.04.39-766x1024.jpeg 766w, https:\/\/www.cla.udl.cat\/wp-content\/uploads\/2023\/10\/WhatsApp-Image-2023-10-09-at-16.04.39-768x1027.jpeg 768w, https:\/\/www.cla.udl.cat\/wp-content\/uploads\/2023\/10\/WhatsApp-Image-2023-10-09-at-16.04.39-1149x1536.jpeg 1149w, https:\/\/www.cla.udl.cat\/wp-content\/uploads\/2023\/10\/WhatsApp-Image-2023-10-09-at-16.04.39.jpeg 1532w\" sizes=\"(max-width: 224px) 100vw, 224px\" \/>\t\t\t\t\t\t\t\t\t\t\t\t\t\t\t<\/div>\n\t\t\t\t<\/div>\n\t\t\t\t\t<\/div>\n\t\t<\/div>\n\t\t\t\t<div class=\"elementor-column elementor-col-50 elementor-top-column elementor-element elementor-element-301f7d68\" data-id=\"301f7d68\" data-element_type=\"column\" data-e-type=\"column\">\n\t\t\t<div class=\"elementor-widget-wrap elementor-element-populated\">\n\t\t\t\t\t\t<div class=\"elementor-element elementor-element-64d6383f elementor-widget elementor-widget-heading\" data-id=\"64d6383f\" data-element_type=\"widget\" data-e-type=\"widget\" data-widget_type=\"heading.default\">\n\t\t\t\t<div class=\"elementor-widget-container\">\n\t\t\t\t\t<h2 class=\"elementor-heading-title elementor-size-default\">Iris Sol\u00e0<\/h2>\t\t\t\t<\/div>\n\t\t\t\t<\/div>\n\t\t\t\t<div class=\"elementor-element elementor-element-25c4d006 elementor-widget elementor-widget-text-editor\" data-id=\"25c4d006\" data-element_type=\"widget\" data-e-type=\"widget\" data-widget_type=\"text-editor.default\">\n\t\t\t\t<div class=\"elementor-widget-container\">\n\t\t\t\t\t\t\t\t\t<section class=\"elementor-section elementor-top-section elementor-element elementor-element-312c6a88 elementor-section-boxed elementor-section-height-default elementor-section-height-default\" data-id=\"312c6a88\" data-element_type=\"section\">\n<div class=\"elementor-container elementor-column-gap-default\">\n<div class=\"elementor-column elementor-col-50 elementor-top-column elementor-element elementor-element-301f7d68\" data-id=\"301f7d68\" data-element_type=\"column\">\n<div class=\"elementor-widget-wrap elementor-element-populated\">\n<div class=\"elementor-element elementor-element-25c4d006 elementor-widget elementor-widget-text-editor\" data-id=\"25c4d006\" data-element_type=\"widget\" data-widget_type=\"text-editor.default\">\n<div class=\"elementor-widget-container\">\n<p>Iris Sol\u00e0 Cortada es estudiante de doctorado en el Departamento de Ciencias de la Educaci\u00f3n de la Universidad de Lleida (UdL). Licenciada en Filolog\u00eda Inglesa (Universidad de Lleida), obteniendo el M\u00e1ster Oficial en Formaci\u00f3n del Profesorado de Secundaria y Bachillerato, Formaci\u00f3n Profesional y Did\u00e1ctica del Ingl\u00e9s como Lengua Extranjera. Como profesora asociada en la Universidad de Lleida desde 2019, imparte docencia en el Grado de Educaci\u00f3n Primaria Biling\u00fce de la Facultad de Educaci\u00f3n y tambi\u00e9n colabora en la coordinaci\u00f3n del M\u00e1ster Oficial en Formaci\u00f3n del Profesorado. Adem\u00e1s, \u00e9s t\u00e9cnica ling\u00fc\u00edstica en el \u201cInstitut de Lleng\u00fces\u201d de la UdL.<\/p>\n<\/div>\n<\/div>\n<\/div>\n<\/div>\n<\/div>\n<\/section>\n\t\t\t\t\t\t\t\t<\/div>\n\t\t\t\t<\/div>\n\t\t\t\t\t<\/div>\n\t\t<\/div>\n\t\t\t\t\t<\/div>\n\t\t<\/section>\n\t\t\t\t<section class=\"elementor-section elementor-top-section elementor-element elementor-element-7da3f6da elementor-section-boxed elementor-section-height-default elementor-section-height-default\" data-id=\"7da3f6da\" data-element_type=\"section\" data-e-type=\"section\">\n\t\t\t\t\t\t<div class=\"elementor-container elementor-column-gap-default\">\n\t\t\t\t\t<div class=\"elementor-column elementor-col-100 elementor-top-column elementor-element elementor-element-1c3b8856\" data-id=\"1c3b8856\" data-element_type=\"column\" data-e-type=\"column\">\n\t\t\t<div class=\"elementor-widget-wrap elementor-element-populated\">\n\t\t\t\t\t\t<div class=\"elementor-element elementor-element-4c556e2d elementor-tabs-view-horizontal elementor-widget elementor-widget-tabs\" data-id=\"4c556e2d\" data-element_type=\"widget\" data-e-type=\"widget\" data-widget_type=\"tabs.default\">\n\t\t\t\t<div class=\"elementor-widget-container\">\n\t\t\t\t\t\t\t<div class=\"elementor-tabs\">\n\t\t\t<div class=\"elementor-tabs-wrapper\" role=\"tablist\" >\n\t\t\t\t\t\t\t\t\t<div id=\"elementor-tab-title-1281\" class=\"elementor-tab-title elementor-tab-desktop-title\" aria-selected=\"true\" data-tab=\"1\" role=\"tab\" tabindex=\"0\" aria-controls=\"elementor-tab-content-1281\" aria-expanded=\"false\">Investigaci\u00f3n<\/div>\n\t\t\t\t\t\t\t\t\t<div id=\"elementor-tab-title-1282\" class=\"elementor-tab-title elementor-tab-desktop-title\" aria-selected=\"false\" data-tab=\"2\" role=\"tab\" tabindex=\"-1\" aria-controls=\"elementor-tab-content-1282\" aria-expanded=\"false\">Publicaciones recientes<\/div>\n\t\t\t\t\t\t\t\t\t<div id=\"elementor-tab-title-1283\" class=\"elementor-tab-title elementor-tab-desktop-title\" aria-selected=\"false\" data-tab=\"3\" role=\"tab\" tabindex=\"-1\" aria-controls=\"elementor-tab-content-1283\" aria-expanded=\"false\">Docencia<\/div>\n\t\t\t\t\t\t\t\t\t<div id=\"elementor-tab-title-1284\" class=\"elementor-tab-title elementor-tab-desktop-title\" aria-selected=\"false\" data-tab=\"4\" role=\"tab\" tabindex=\"-1\" aria-controls=\"elementor-tab-content-1284\" aria-expanded=\"false\">Otros<\/div>\n\t\t\t\t\t\t\t<\/div>\n\t\t\t<div class=\"elementor-tabs-content-wrapper\" role=\"tablist\" aria-orientation=\"vertical\">\n\t\t\t\t\t\t\t\t\t<div class=\"elementor-tab-title elementor-tab-mobile-title\" aria-selected=\"true\" data-tab=\"1\" role=\"tab\" tabindex=\"0\" aria-controls=\"elementor-tab-content-1281\" aria-expanded=\"false\">Investigaci\u00f3n<\/div>\n\t\t\t\t\t<div id=\"elementor-tab-content-1281\" class=\"elementor-tab-content elementor-clearfix\" data-tab=\"1\" role=\"tabpanel\" aria-labelledby=\"elementor-tab-title-1281\" tabindex=\"0\" hidden=\"false\"><div class=\"elementor elementor-2414 elementor-location-single post-3076 post type-post status-publish format-standard hentry category-sin-categorizar category-researcher-es\" data-elementor-type=\"single-post\" data-elementor-id=\"2414\" data-elementor-post-type=\"elementor_library\">\n<section class=\"elementor-section elementor-top-section elementor-element elementor-element-3e19e655 elementor-section-boxed elementor-section-height-default elementor-section-height-default\" data-id=\"3e19e655\" data-element_type=\"section\">\n<div class=\"elementor-container elementor-column-gap-default\">\n<div class=\"elementor-column elementor-col-100 elementor-top-column elementor-element elementor-element-85e7cb7\" data-id=\"85e7cb7\" data-element_type=\"column\">\n<div class=\"elementor-widget-wrap elementor-element-populated\">\n<div class=\"elementor-element elementor-element-4a5194b7 elementor-widget elementor-widget-theme-post-content\" data-id=\"4a5194b7\" data-element_type=\"widget\" data-widget_type=\"theme-post-content.default\">\n<div class=\"elementor-widget-container\">\n<div class=\"elementor elementor-3076 elementor-2819\" data-elementor-type=\"wp-post\" data-elementor-id=\"3076\" data-elementor-post-type=\"post\">\n<section class=\"elementor-section elementor-top-section elementor-element elementor-element-7da3f6da elementor-section-boxed elementor-section-height-default elementor-section-height-default\" data-id=\"7da3f6da\" data-element_type=\"section\">\n<div class=\"elementor-container elementor-column-gap-default\">\n<div class=\"elementor-column elementor-col-100 elementor-top-column elementor-element elementor-element-1c3b8856\" data-id=\"1c3b8856\" data-element_type=\"column\">\n<div class=\"elementor-widget-wrap elementor-element-populated\">\n<div class=\"elementor-element elementor-element-4c556e2d elementor-tabs-view-horizontal elementor-widget elementor-widget-tabs\" data-id=\"4c556e2d\" data-element_type=\"widget\" data-widget_type=\"tabs.default\">\n<div class=\"elementor-widget-container\">\n<div class=\"elementor-tabs\">\n<div class=\"elementor-tabs-content-wrapper\" role=\"tablist\" aria-orientation=\"vertical\">\n<div id=\"elementor-tab-content-1281\" class=\"elementor-tab-content elementor-clearfix elementor-active\" tabindex=\"0\" role=\"tabpanel\" data-tab=\"1\" aria-labelledby=\"elementor-tab-title-1281\">\n<p>Su l\u00ednea de investigaci\u00f3n principal se centra en analizar la evoluci\u00f3n de la cognici\u00f3n y las actitudes de los futuros profesores de ingl\u00e9s hacia su labor y profesi\u00f3n docente.<\/p>\n<\/div>\n<\/div>\n<\/div>\n<\/div>\n<\/div>\n<\/div>\n<\/div>\n<\/div>\n<\/section>\n<\/div>\n<\/div>\n<\/div>\n<\/div>\n<\/div>\n<\/div>\n<\/section>\n<\/div>\n<\/div>\n\t\t\t\t\t\t\t\t\t<div class=\"elementor-tab-title elementor-tab-mobile-title\" aria-selected=\"false\" data-tab=\"2\" role=\"tab\" tabindex=\"-1\" aria-controls=\"elementor-tab-content-1282\" aria-expanded=\"false\">Publicaciones recientes<\/div>\n\t\t\t\t\t<div id=\"elementor-tab-content-1282\" class=\"elementor-tab-content elementor-clearfix\" data-tab=\"2\" role=\"tabpanel\" aria-labelledby=\"elementor-tab-title-1282\" tabindex=\"0\" hidden=\"hidden\"><p><span style=\"font-size: 12pt;vertical-align: baseline\">Alexandra Vraciu, Anna Marsol, <b>Iris Sol\u00e0<\/b> y Montserrat Casanovas. 2022. La competencia reflexiva y la alfabetizaci\u00f3n evaluadora en la formaci\u00f3n inicial de maestros: una propuesta formativa centrada en din\u00e1micas de observaci\u00f3n y evaluaci\u00f3n entre iguales. En libro de actas: VIII Congreso de Innovaci\u00f3n Educativa y Docencia en Red. Valencia, 6 &#8211; 8 de julio de 2022.<\/span><\/p>\n<\/div>\n\t\t\t\t\t\t\t\t\t<div class=\"elementor-tab-title elementor-tab-mobile-title\" aria-selected=\"false\" data-tab=\"3\" role=\"tab\" tabindex=\"-1\" aria-controls=\"elementor-tab-content-1283\" aria-expanded=\"false\">Docencia<\/div>\n\t\t\t\t\t<div id=\"elementor-tab-content-1283\" class=\"elementor-tab-content elementor-clearfix\" data-tab=\"3\" role=\"tabpanel\" aria-labelledby=\"elementor-tab-title-1283\" tabindex=\"0\" hidden=\"hidden\"><p>Grado en Educaci\u00f3n Primaria Biling\u00fce:<\/p>\n<ul>\n<li>Creatividad digital para el aprendizaje de la lengua inglesa<\/li>\n<\/ul>\n<\/div>\n\t\t\t\t\t\t\t\t\t<div class=\"elementor-tab-title elementor-tab-mobile-title\" aria-selected=\"false\" data-tab=\"4\" role=\"tab\" tabindex=\"-1\" aria-controls=\"elementor-tab-content-1284\" aria-expanded=\"false\">Otros<\/div>\n\t\t\t\t\t<div id=\"elementor-tab-content-1284\" class=\"elementor-tab-content elementor-clearfix\" data-tab=\"4\" role=\"tabpanel\" aria-labelledby=\"elementor-tab-title-1284\" tabindex=\"0\" hidden=\"hidden\"><\/div>\n\t\t\t\t\t\t\t<\/div>\n\t\t<\/div>\n\t\t\t\t\t\t<\/div>\n\t\t\t\t<\/div>\n\t\t\t\t\t<\/div>\n\t\t<\/div>\n\t\t\t\t\t<\/div>\n\t\t<\/section>\n\t\t\t\t<\/div>\n\t\t","protected":false},"excerpt":{"rendered":"<p>Iris Sol\u00e0 Cortada es estudiante de doctorado en el Departamento de Ciencias de la Educaci\u00f3n de la Universidad de Lleida (UdL). Licenciada en Filolog\u00eda Inglesa (Universidad de Lleida), obteniendo el M\u00e1ster Oficial en Formaci\u00f3n del Profesorado de Secundaria y Bachillerato, Formaci\u00f3n Profesional y Did\u00e1ctica del Ingl\u00e9s como Lengua Extranjera. Como profesora asociada en la Universidad [&hellip;]<\/p>\n","protected":false},"author":6,"featured_media":0,"comment_status":"closed","ping_status":"closed","sticky":false,"template":"","format":"standard","meta":{"footnotes":""},"categories":[1,38],"tags":[],"class_list":["post-3076","post","type-post","status-publish","format-standard","hentry","category-projectes","category-researcher"],"yoast_head":"<!-- This site is optimized with the Yoast SEO plugin v21.3 - https:\/\/yoast.com\/wordpress\/plugins\/seo\/ -->\n<title>Iris Sol\u00e0 - CLA UDL<\/title>\n<meta name=\"robots\" content=\"index, follow, max-snippet:-1, max-image-preview:large, max-video-preview:-1\" \/>\n<link rel=\"canonical\" href=\"https:\/\/www.cla.udl.cat\/researcher\/iris-sola-cortada\/\" \/>\n<meta property=\"og:locale\" content=\"es_ES\" \/>\n<meta property=\"og:type\" content=\"article\" \/>\n<meta property=\"og:title\" content=\"Iris Sol\u00e0 - CLA UDL\" \/>\n<meta property=\"og:description\" content=\"Iris Sol\u00e0 Cortada es estudiante de doctorado en el Departamento de Ciencias de la Educaci\u00f3n de la Universidad de Lleida (UdL). Licenciada en Filolog\u00eda Inglesa (Universidad de Lleida), obteniendo el M\u00e1ster Oficial en Formaci\u00f3n del Profesorado de Secundaria y Bachillerato, Formaci\u00f3n Profesional y Did\u00e1ctica del Ingl\u00e9s como Lengua Extranjera. Como profesora asociada en la Universidad [&hellip;]\" \/>\n<meta property=\"og:url\" content=\"https:\/\/www.cla.udl.cat\/researcher\/iris-sola-cortada\/\" \/>\n<meta property=\"og:site_name\" content=\"CLA UDL\" \/>\n<meta property=\"article:published_time\" content=\"2023-10-13T13:45:23+00:00\" \/>\n<meta property=\"article:modified_time\" content=\"2024-10-29T11:59:26+00:00\" \/>\n<meta name=\"author\" content=\"EDITOR.CLA\" \/>\n<meta name=\"twitter:card\" content=\"summary_large_image\" \/>\n<meta name=\"twitter:label1\" content=\"Escrito por\" \/>\n\t<meta name=\"twitter:data1\" content=\"EDITOR.CLA\" \/>\n\t<meta name=\"twitter:label2\" content=\"Tiempo de lectura\" \/>\n\t<meta name=\"twitter:data2\" content=\"2 minutos\" \/>\n<script type=\"application\/ld+json\" class=\"yoast-schema-graph\">{\"@context\":\"https:\/\/schema.org\",\"@graph\":[{\"@type\":\"Article\",\"@id\":\"https:\/\/www.cla.udl.cat\/researcher\/iris-sola-cortada\/#article\",\"isPartOf\":{\"@id\":\"https:\/\/www.cla.udl.cat\/researcher\/iris-sola-cortada\/\"},\"author\":{\"name\":\"EDITOR.CLA\",\"@id\":\"https:\/\/www.cla.udl.cat\/#\/schema\/person\/a8550e593c4b2a0a6c8b3e711d7f90bb\"},\"headline\":\"Iris Sol\u00e0\",\"datePublished\":\"2023-10-13T13:45:23+00:00\",\"dateModified\":\"2024-10-29T11:59:26+00:00\",\"mainEntityOfPage\":{\"@id\":\"https:\/\/www.cla.udl.cat\/researcher\/iris-sola-cortada\/\"},\"wordCount\":237,\"publisher\":{\"@id\":\"https:\/\/www.cla.udl.cat\/#organization\"},\"articleSection\":[\"Projectes\",\"Researcher\"],\"inLanguage\":\"es\"},{\"@type\":\"WebPage\",\"@id\":\"https:\/\/www.cla.udl.cat\/researcher\/iris-sola-cortada\/\",\"url\":\"https:\/\/www.cla.udl.cat\/researcher\/iris-sola-cortada\/\",\"name\":\"Iris Sol\u00e0 - CLA UDL\",\"isPartOf\":{\"@id\":\"https:\/\/www.cla.udl.cat\/#website\"},\"datePublished\":\"2023-10-13T13:45:23+00:00\",\"dateModified\":\"2024-10-29T11:59:26+00:00\",\"breadcrumb\":{\"@id\":\"https:\/\/www.cla.udl.cat\/researcher\/iris-sola-cortada\/#breadcrumb\"},\"inLanguage\":\"es\",\"potentialAction\":[{\"@type\":\"ReadAction\",\"target\":[\"https:\/\/www.cla.udl.cat\/researcher\/iris-sola-cortada\/\"]}]},{\"@type\":\"BreadcrumbList\",\"@id\":\"https:\/\/www.cla.udl.cat\/researcher\/iris-sola-cortada\/#breadcrumb\",\"itemListElement\":[{\"@type\":\"ListItem\",\"position\":1,\"name\":\"Portada\",\"item\":\"https:\/\/www.cla.udl.cat\/\"},{\"@type\":\"ListItem\",\"position\":2,\"name\":\"Iris Sol\u00e0\"}]},{\"@type\":\"WebSite\",\"@id\":\"https:\/\/www.cla.udl.cat\/#website\",\"url\":\"https:\/\/www.cla.udl.cat\/\",\"name\":\"CLA UDL\",\"description\":\"Cercle de Ling\u00fc\u00edstica Aplicada\",\"publisher\":{\"@id\":\"https:\/\/www.cla.udl.cat\/#organization\"},\"potentialAction\":[{\"@type\":\"SearchAction\",\"target\":{\"@type\":\"EntryPoint\",\"urlTemplate\":\"https:\/\/www.cla.udl.cat\/?s={search_term_string}\"},\"query-input\":\"required name=search_term_string\"}],\"inLanguage\":\"es\"},{\"@type\":\"Organization\",\"@id\":\"https:\/\/www.cla.udl.cat\/#organization\",\"name\":\"CLA UDL\",\"url\":\"https:\/\/www.cla.udl.cat\/\",\"logo\":{\"@type\":\"ImageObject\",\"inLanguage\":\"es\",\"@id\":\"https:\/\/www.cla.udl.cat\/#\/schema\/logo\/image\/\",\"url\":\"https:\/\/www.cla.udl.cat\/wp-content\/uploads\/2017\/09\/logo-CLA.gif\",\"contentUrl\":\"https:\/\/www.cla.udl.cat\/wp-content\/uploads\/2017\/09\/logo-CLA.gif\",\"width\":156,\"height\":169,\"caption\":\"CLA UDL\"},\"image\":{\"@id\":\"https:\/\/www.cla.udl.cat\/#\/schema\/logo\/image\/\"}},{\"@type\":\"Person\",\"@id\":\"https:\/\/www.cla.udl.cat\/#\/schema\/person\/a8550e593c4b2a0a6c8b3e711d7f90bb\",\"name\":\"EDITOR.CLA\",\"image\":{\"@type\":\"ImageObject\",\"inLanguage\":\"es\",\"@id\":\"https:\/\/www.cla.udl.cat\/#\/schema\/person\/image\/\",\"url\":\"https:\/\/secure.gravatar.com\/avatar\/73c89d742ec254241f46002d5a6b27df8bbc6a2fd670dcd4b5b8b7f9dde7e59b?s=96&d=mm&r=g\",\"contentUrl\":\"https:\/\/secure.gravatar.com\/avatar\/73c89d742ec254241f46002d5a6b27df8bbc6a2fd670dcd4b5b8b7f9dde7e59b?s=96&d=mm&r=g\",\"caption\":\"EDITOR.CLA\"},\"url\":\"https:\/\/www.cla.udl.cat\/es\/author\/editor-cla\/\"}]}<\/script>\n<!-- \/ Yoast SEO plugin. -->","yoast_head_json":{"title":"Iris Sol\u00e0 - CLA UDL","robots":{"index":"index","follow":"follow","max-snippet":"max-snippet:-1","max-image-preview":"max-image-preview:large","max-video-preview":"max-video-preview:-1"},"canonical":"https:\/\/www.cla.udl.cat\/researcher\/iris-sola-cortada\/","og_locale":"es_ES","og_type":"article","og_title":"Iris Sol\u00e0 - CLA UDL","og_description":"Iris Sol\u00e0 Cortada es estudiante de doctorado en el Departamento de Ciencias de la Educaci\u00f3n de la Universidad de Lleida (UdL). Licenciada en Filolog\u00eda Inglesa (Universidad de Lleida), obteniendo el M\u00e1ster Oficial en Formaci\u00f3n del Profesorado de Secundaria y Bachillerato, Formaci\u00f3n Profesional y Did\u00e1ctica del Ingl\u00e9s como Lengua Extranjera. Como profesora asociada en la Universidad [&hellip;]","og_url":"https:\/\/www.cla.udl.cat\/researcher\/iris-sola-cortada\/","og_site_name":"CLA UDL","article_published_time":"2023-10-13T13:45:23+00:00","article_modified_time":"2024-10-29T11:59:26+00:00","author":"EDITOR.CLA","twitter_card":"summary_large_image","twitter_misc":{"Escrito por":"EDITOR.CLA","Tiempo de lectura":"2 minutos"},"schema":{"@context":"https:\/\/schema.org","@graph":[{"@type":"Article","@id":"https:\/\/www.cla.udl.cat\/researcher\/iris-sola-cortada\/#article","isPartOf":{"@id":"https:\/\/www.cla.udl.cat\/researcher\/iris-sola-cortada\/"},"author":{"name":"EDITOR.CLA","@id":"https:\/\/www.cla.udl.cat\/#\/schema\/person\/a8550e593c4b2a0a6c8b3e711d7f90bb"},"headline":"Iris Sol\u00e0","datePublished":"2023-10-13T13:45:23+00:00","dateModified":"2024-10-29T11:59:26+00:00","mainEntityOfPage":{"@id":"https:\/\/www.cla.udl.cat\/researcher\/iris-sola-cortada\/"},"wordCount":237,"publisher":{"@id":"https:\/\/www.cla.udl.cat\/#organization"},"articleSection":["Projectes","Researcher"],"inLanguage":"es"},{"@type":"WebPage","@id":"https:\/\/www.cla.udl.cat\/researcher\/iris-sola-cortada\/","url":"https:\/\/www.cla.udl.cat\/researcher\/iris-sola-cortada\/","name":"Iris Sol\u00e0 - CLA UDL","isPartOf":{"@id":"https:\/\/www.cla.udl.cat\/#website"},"datePublished":"2023-10-13T13:45:23+00:00","dateModified":"2024-10-29T11:59:26+00:00","breadcrumb":{"@id":"https:\/\/www.cla.udl.cat\/researcher\/iris-sola-cortada\/#breadcrumb"},"inLanguage":"es","potentialAction":[{"@type":"ReadAction","target":["https:\/\/www.cla.udl.cat\/researcher\/iris-sola-cortada\/"]}]},{"@type":"BreadcrumbList","@id":"https:\/\/www.cla.udl.cat\/researcher\/iris-sola-cortada\/#breadcrumb","itemListElement":[{"@type":"ListItem","position":1,"name":"Portada","item":"https:\/\/www.cla.udl.cat\/"},{"@type":"ListItem","position":2,"name":"Iris Sol\u00e0"}]},{"@type":"WebSite","@id":"https:\/\/www.cla.udl.cat\/#website","url":"https:\/\/www.cla.udl.cat\/","name":"CLA UDL","description":"Cercle de Ling\u00fc\u00edstica Aplicada","publisher":{"@id":"https:\/\/www.cla.udl.cat\/#organization"},"potentialAction":[{"@type":"SearchAction","target":{"@type":"EntryPoint","urlTemplate":"https:\/\/www.cla.udl.cat\/?s={search_term_string}"},"query-input":"required name=search_term_string"}],"inLanguage":"es"},{"@type":"Organization","@id":"https:\/\/www.cla.udl.cat\/#organization","name":"CLA UDL","url":"https:\/\/www.cla.udl.cat\/","logo":{"@type":"ImageObject","inLanguage":"es","@id":"https:\/\/www.cla.udl.cat\/#\/schema\/logo\/image\/","url":"https:\/\/www.cla.udl.cat\/wp-content\/uploads\/2017\/09\/logo-CLA.gif","contentUrl":"https:\/\/www.cla.udl.cat\/wp-content\/uploads\/2017\/09\/logo-CLA.gif","width":156,"height":169,"caption":"CLA UDL"},"image":{"@id":"https:\/\/www.cla.udl.cat\/#\/schema\/logo\/image\/"}},{"@type":"Person","@id":"https:\/\/www.cla.udl.cat\/#\/schema\/person\/a8550e593c4b2a0a6c8b3e711d7f90bb","name":"EDITOR.CLA","image":{"@type":"ImageObject","inLanguage":"es","@id":"https:\/\/www.cla.udl.cat\/#\/schema\/person\/image\/","url":"https:\/\/secure.gravatar.com\/avatar\/73c89d742ec254241f46002d5a6b27df8bbc6a2fd670dcd4b5b8b7f9dde7e59b?s=96&d=mm&r=g","contentUrl":"https:\/\/secure.gravatar.com\/avatar\/73c89d742ec254241f46002d5a6b27df8bbc6a2fd670dcd4b5b8b7f9dde7e59b?s=96&d=mm&r=g","caption":"EDITOR.CLA"},"url":"https:\/\/www.cla.udl.cat\/es\/author\/editor-cla\/"}]}},"_links":{"self":[{"href":"https:\/\/www.cla.udl.cat\/es\/wp-json\/wp\/v2\/posts\/3076","targetHints":{"allow":["GET"]}}],"collection":[{"href":"https:\/\/www.cla.udl.cat\/es\/wp-json\/wp\/v2\/posts"}],"about":[{"href":"https:\/\/www.cla.udl.cat\/es\/wp-json\/wp\/v2\/types\/post"}],"author":[{"embeddable":true,"href":"https:\/\/www.cla.udl.cat\/es\/wp-json\/wp\/v2\/users\/6"}],"replies":[{"embeddable":true,"href":"https:\/\/www.cla.udl.cat\/es\/wp-json\/wp\/v2\/comments?post=3076"}],"version-history":[{"count":27,"href":"https:\/\/www.cla.udl.cat\/es\/wp-json\/wp\/v2\/posts\/3076\/revisions"}],"predecessor-version":[{"id":4594,"href":"https:\/\/www.cla.udl.cat\/es\/wp-json\/wp\/v2\/posts\/3076\/revisions\/4594"}],"wp:attachment":[{"href":"https:\/\/www.cla.udl.cat\/es\/wp-json\/wp\/v2\/media?parent=3076"}],"wp:term":[{"taxonomy":"category","embeddable":true,"href":"https:\/\/www.cla.udl.cat\/es\/wp-json\/wp\/v2\/categories?post=3076"},{"taxonomy":"post_tag","embeddable":true,"href":"https:\/\/www.cla.udl.cat\/es\/wp-json\/wp\/v2\/tags?post=3076"}],"curies":[{"name":"wp","href":"https:\/\/api.w.org\/{rel}","templated":true}]}}